{"id":331,"date":"2025-08-02T10:50:10","date_gmt":"2025-08-02T10:50:10","guid":{"rendered":"https:\/\/galic-vina.hr\/blog\/?p=331"},"modified":"2025-08-02T10:50:10","modified_gmt":"2025-08-02T10:50:10","slug":"galic-cuvee-6-bordoska-elegancija-u-boci-merlot-i-cabernet-sauvignon-stvaraju-vinsku-pricu","status":"publish","type":"post","link":"https:\/\/galic-vina.hr\/blog\/?p=331","title":{"rendered":"Gali\u0107 Cuvee 6 \u2013 Bordo\u0161ka elegancija u boci: Merlot i Cabernet Sauvignon stvaraju vinsku pri\u010du"},"content":{"rendered":"\n<figure class=\"wp-block-image aligncenter size-large\"><img loading=\"lazy\" decoding=\"async\" width=\"724\" height=\"1024\" src=\"https:\/\/galic-vina.hr\/blog\/wp-content\/uploads\/2025\/08\/image1-724x1024.jpg\" alt=\"Vinarija Gali\u0107 predstavila novu etiketu Cuvee 6, 2021.\" class=\"wp-image-332\" srcset=\"https:\/\/galic-vina.hr\/blog\/wp-content\/uploads\/2025\/08\/image1-724x1024.jpg 724w, https:\/\/galic-vina.hr\/blog\/wp-content\/uploads\/2025\/08\/image1-212x300.jpg 212w, https:\/\/galic-vina.hr\/blog\/wp-content\/uploads\/2025\/08\/image1-768x1086.jpg 768w, https:\/\/galic-vina.hr\/blog\/wp-content\/uploads\/2025\/08\/image1-1086x1536.jpg 1086w, https:\/\/galic-vina.hr\/blog\/wp-content\/uploads\/2025\/08\/image1.jpg 1131w\" sizes=\"(max-width: 724px) 100vw, 724px\" \/><\/figure>\n\n\n\n<p class=\"has-contrast-color has-text-color has-link-color wp-elements-646db6e26be8a3e2db31d8d76dfe8a29\">S ponosom predstavljamo etiketu <a href=\"https:\/\/galic-vina.hr\/proizvod\/cuvee-6-2021\/\">Cuvee 6,<\/a> vino koje spaja tradiciju i suvremeni pristup, stvaraju\u0107i vi\u0161eslojnu harmoniju okusa. Stvoreno za u\u017eivanje u ve\u0107em dru\u0161tvu, ovo vino donosi profinjenost bez pretencioznosti, oslanjaju\u0107i se na prepoznatljivu kvalitetu Vinarije Gali\u0107.<\/p>\n\n\n\n<p class=\"has-contrast-color has-text-color has-link-color wp-elements-ffd0557fca3d17ed9f2d07e2d6e553ff\">Spoj Merlota i Cabernet Sauvignona u pa\u017eljivo odabranom omjeru pru\u017ea skladan balans vo\u0107nosti i blagih za\u010dinskih nota. Svojom zaokru\u017eenom strukturom i pitko\u0161\u0107u idealno se uklapa u opu\u0161tene ve\u010deri s prijateljima, obiteljska okupljanja i sve one prilike za stolom gdje se dijeli smijeh i prepri\u010davaju pri\u010de, a vino postaje neraskidivi dio uspomena.<\/p>\n\n\n\n<h4 class=\"wp-block-heading\"><strong><em># Bogata harmonija okusa i mirisa<\/em><\/strong><\/h4>\n\n\n\n<p class=\"has-contrast-color has-text-color has-link-color wp-elements-c2597e03912e70870f680d42aa4d6abc\">Duboka crvena boja rubina ve\u0107 na prvi pogled otkriva ozbiljnost i karakter ovog vina. Prilikom otvaranja boce i onog prvog udisaja vinskih mirisa i aroma isti\u010du se prepoznatljive cabernetske herbalne note koje su suptilno, ali ravnopravno protkane merlotovskom vo\u0107nim tonom.<\/p>\n\n\n\n<p class=\"has-contrast-color has-text-color has-link-color wp-elements-d2843f316aef71daaae249f9693559df\">U dodiru s nepcem najprije dolazi do izra\u017eaja postojana baza tanina i \u010dvrsta struktura koja nagovije\u0161ta perfektnu ravnote\u017eu izme\u0111u vo\u0107nosti, za\u010dinskih nota i diskretne pikantnosti. Crni ribiz, crvena paprika i zrela \u0161ljiva nadopunjeni su senzualnim zrelim aromama duhana, cedrovine i tamne \u010dokolade. Balansiran i postojan, Cuvee 6 jednako \u0107e odu\u0161eviti danas i u godinama koje dolaze<\/p>\n\n\n\n<h4 class=\"wp-block-heading\"><strong><em># Kako savr\u0161eno upariti Cuvee6 s vrhunskim mesnim delicijama<\/em><\/strong><\/h4>\n\n\n\n<p class=\"has-contrast-color has-text-color has-link-color wp-elements-92d4e8801ae300b12483c70cafee2507\">Cuvee 6 stvoren je kako bi se sljubio s najfinijim mesnim jelima. Uz so\u010dne i pravilno pe\u010dene bifteke izravno nagla\u0161ava bogatstvo okusa i meko\u0107u mesa. A jelima od tjestenine s mesnim umacima, poput pa\u0161ticade ili vrhunski pripremljenog ragua dodaje novu dimenziju skladnosti i puno\u0107e, pri \u010demu, jasno, valja voditi ra\u010duna da su tjestenina i umak u optimalnom omjeru. Svakako se preporu\u010duje uz sporo pripremana mesna jela u tamnim umacima jer ovaj tip vina otkriva svu svoju kompleksnost i dubinu upravo uz jednako mo\u0107nog sparing partnera:)<\/p>\n\n\n\n<h4 class=\"wp-block-heading\"><strong>Spoj tradicije i moderne tehnologije u vinarstvu<\/strong><\/h4>\n\n\n\n<p class=\"has-contrast-color has-text-color has-link-color wp-elements-85dbe8d329e0c23e42ad3878ac538ef4\">\u010ca\u0161a u kojoj se zrcali povijest, terroir i umije\u0107e stvaranja vina koje ostavlja trag. I to je jedan od razloga za\u0161to mu se ljubitelji crvenih sorti vra\u0107aju. Uistinu osje\u0107aju mo\u0107nu vezu izme\u0111u slavonskog tla i bordo\u0161ke filozofije stvaranja velikih vina.<\/p>\n\n\n\n<figure class=\"wp-block-image aligncenter size-large is-resized\"><img loading=\"lazy\" decoding=\"async\" width=\"448\" height=\"1024\" src=\"https:\/\/galic-vina.hr\/blog\/wp-content\/uploads\/2025\/08\/image2-448x1024.png\" alt=\"\" class=\"wp-image-333\" style=\"width:194px;height:auto\" srcset=\"https:\/\/galic-vina.hr\/blog\/wp-content\/uploads\/2025\/08\/image2-448x1024.png 448w, https:\/\/galic-vina.hr\/blog\/wp-content\/uploads\/2025\/08\/image2-131x300.png 131w, https:\/\/galic-vina.hr\/blog\/wp-content\/uploads\/2025\/08\/image2.png 497w\" sizes=\"(max-width: 448px) 100vw, 448px\" \/><\/figure>\n","protected":false},"excerpt":{"rendered":"<p>S ponosom predstavljamo etiketu Cuvee 6, vino koje spaja tradiciju i suvremeni pristup, stvaraju\u0107i vi\u0161eslojnu harmoniju okusa. Stvoreno za u\u017eivanje u ve\u0107em dru\u0161tvu, ovo vino donosi profinjenost bez pretencioznosti, oslanjaju\u0107i se na prepoznatljivu kvalitetu Vinarije Gali\u0107. Spoj Merlota i Cabernet Sauvignona u pa\u017eljivo odabranom omjeru pru\u017ea skladan balans vo\u0107nosti i blagih za\u010dinskih nota. Svojom zaokru\u017eenom [&hellip;]<\/p>\n","protected":false},"author":4,"featured_media":332,"comment_status":"open","ping_status":"open","sticky":false,"template":"","format":"standard","meta":{"footnotes":""},"categories":[1],"tags":[],"_links":{"self":[{"href":"https:\/\/galic-vina.hr\/blog\/index.php?rest_route=\/wp\/v2\/posts\/331"}],"collection":[{"href":"https:\/\/galic-vina.hr\/blog\/index.php?rest_route=\/wp\/v2\/posts"}],"about":[{"href":"https:\/\/galic-vina.hr\/blog\/index.php?rest_route=\/wp\/v2\/types\/post"}],"author":[{"embeddable":true,"href":"https:\/\/galic-vina.hr\/blog\/index.php?rest_route=\/wp\/v2\/users\/4"}],"replies":[{"embeddable":true,"href":"https:\/\/galic-vina.hr\/blog\/index.php?rest_route=%2Fwp%2Fv2%2Fcomments&post=331"}],"version-history":[{"count":1,"href":"https:\/\/galic-vina.hr\/blog\/index.php?rest_route=\/wp\/v2\/posts\/331\/revisions"}],"predecessor-version":[{"id":334,"href":"https:\/\/galic-vina.hr\/blog\/index.php?rest_route=\/wp\/v2\/posts\/331\/revisions\/334"}],"wp:featuredmedia":[{"embeddable":true,"href":"https:\/\/galic-vina.hr\/blog\/index.php?rest_route=\/wp\/v2\/media\/332"}],"wp:attachment":[{"href":"https:\/\/galic-vina.hr\/blog\/index.php?rest_route=%2Fwp%2Fv2%2Fmedia&parent=331"}],"wp:term":[{"taxonomy":"category","embeddable":true,"href":"https:\/\/galic-vina.hr\/blog\/index.php?rest_route=%2Fwp%2Fv2%2Fcategories&post=331"},{"taxonomy":"post_tag","embeddable":true,"href":"https:\/\/galic-vina.hr\/blog\/index.php?rest_route=%2Fwp%2Fv2%2Ftags&post=331"}],"curies":[{"name":"wp","href":"https:\/\/api.w.org\/{rel}","templated":true}]}}